{"id":37,"date":"2015-09-29T10:18:15","date_gmt":"2015-09-29T09:18:15","guid":{"rendered":"http:\/\/missimi-berney.ch\/?p=37"},"modified":"2016-05-24T08:37:26","modified_gmt":"2016-05-24T07:37:26","slug":"ephj-2008","status":"publish","type":"post","link":"https:\/\/www.missimi-berney.ch\/de\/blog\/2015\/09\/29\/ephj-2008\/","title":{"rendered":"EPHJ 2008"},"content":{"rendered":"<p><b>Missimi-Berney S\u00e0rl \u00e9tait pr\u00e9sent au<br \/>\n<\/b><strong>Salon international<\/strong><\/p>\n<p align=\"center\"><strong>Environnement Professionnel Horlogerie &#8211; Joaillerie<\/strong><\/p>\n<p><strong>Communiqu\u00e9 de presse du 6 juin 2008<\/strong><!--more--><\/p>\n<p>Franc succ\u00e8s pour la grande manifestation professionnelle EPHJ-EPMT consacr\u00e9e \u00e0 l\u2019environnement professionnel de l\u2019horlogerie et des microtechnologies<\/p>\n<p>Depuis le 3 juin, l\u2019environnement professionnel des microtechnologies (EPMT) et l\u2019horlogerie, joaillerie (EPHJ) sont \u00e0 l\u2019honneur \u00e0 Beaulieu Lausanne. Au moment de la cl\u00f4ture, ce salon international annuel est en passe de devenir le plus important de Suisse, de par le nombre et la nature des exposants qu\u2019il rassemble. La manifestation aura drain\u00e9 sur quatre jours plus de 10&#8217;200 visiteurs, soit une augmentation de 27.5% par rapport \u00e0 2007, ceci aussi bien pour EPHJ que EPMT.<\/p>\n<p>La force d\u2019EPHJ et d\u2019EPMT r\u00e9side dans leur parfaite compl\u00e9mentarit\u00e9. Tous deux re\u00e7oivent un public de d\u00e9cideurs sp\u00e9cialis\u00e9s dans des domaines pointus ; le premier dans l\u2019horlogerie et la joaillerie, le second dans la biotechnologie, m\u00e9trologie, photonique ou robotique, entre autres. Ils offrent une occasion unique aux artisans, aux grandes firmes, ainsi qu\u2019aux milieux acad\u00e9miques et industriels de d\u00e9couvrir des solutions adapt\u00e9es et d\u2019\u00e9changer leur savoir-faire.<\/p>\n<p>EPMT s\u2019est associ\u00e9 \u00e0 l\u2019EPFL pour proposer une s\u00e9rie de conf\u00e9rences sur le th\u00e8me de l\u2019optique dans le domaine biom\u00e9dical et industriel, en compl\u00e9ment de l\u2019offre commerciale qu\u2019il pr\u00e9sente.<\/p>\n<p>Parmi les 470 exposants pr\u00e9sents, 23% viennent de l\u2019\u00e9tranger : preuve que la Suisse, dans les domaines industriels et scientifiques, affiche une comp\u00e9titivit\u00e9 remarquable et constitue une plate-forme d\u2019affaires extr\u00eamement porteuse.<\/p>\n<p>La prochaine \u00e9dition d\u2019EPHJ &#8211; EPMT se tiendra du 12 au 15 mai 2009 \u00e0 Beaulieu Lausanne.<\/p>\n<p>Pour plus d&#8217;informations: <a href=\"http:\/\/www..ephj.ch\/\"><u><span style=\"color: #0066cc;\">www.ephj.ch<\/span><\/u><\/a><\/p>\n<p>&nbsp;<\/p>\n<p align=\"center\"><strong>Environnement Professionnel Horlogerie &#8211; Joaillerie<\/strong><\/p>\n<p align=\"center\"><strong>du 3 au 6 juin 2008<\/strong><\/p>\n<p align=\"center\">Franc succ\u00e8s pour l&#8217;\u00e9dition 2008 d&#8217;EPHJ<\/p>\n<p align=\"center\">Le salon de l\u2019Environnement Professionnel Horlogerie-Joaillerie \u00e0 Beaulieu Lausanne a accueilli 360 exposants, dont 70 d\u2019origine \u00e9trang\u00e8re. Conjointement au salon EPMT (microtechnologies), il a \u00e9t\u00e9 fr\u00e9quent\u00e9 par pr\u00e8s de 10&#8217;200 visiteurs.<\/p>\n<p align=\"center\">Les organisateurs pr\u00e9parent d\u00e9j\u00e0 activement la prochaine \u00e9dition et vous invitent \u00e0 r\u00e9server les dates du 12 au 15 mai 2009.<\/p>\n","protected":false},"excerpt":{"rendered":"<p>Missimi-Berney S\u00e0rl \u00e9tait pr\u00e9sent au Salon international Environnement Professionnel Horlogerie &#8211; Joaillerie Communiqu\u00e9 de presse du 6 juin 2008<\/p>\n","protected":false},"author":1,"featured_media":0,"comment_status":"closed","ping_status":"open","sticky":false,"template":"","format":"standard","meta":{"_acf_changed":false,"_seopress_robots_primary_cat":"","_seopress_titles_title":"","_seopress_titles_desc":"","_seopress_robots_index":"","footnotes":""},"categories":[2],"tags":[],"class_list":["post-37","post","type-post","status-publish","format-standard","hentry","category-expositions"],"acf":[],"yoast_head":"<!-- This site is optimized with the Yoast SEO plugin v15.6.2 - https:\/\/yoast.com\/wordpress\/plugins\/seo\/ -->\n<title>EPHJ 2008 - Missimi Berney<\/title>\n<meta name=\"robots\" content=\"index, follow, max-snippet:-1, max-image-preview:large, max-video-preview:-1\" \/>\n<link rel=\"canonical\" href=\"https:\/\/www.missimi-berney.ch\/de\/blog\/2015\/09\/29\/ephj-2008\/\" \/>\n<meta property=\"og:locale\" content=\"de_DE\" \/>\n<meta property=\"og:type\" content=\"article\" \/>\n<meta property=\"og:title\" content=\"EPHJ 2008 - Missimi Berney\" \/>\n<meta property=\"og:description\" content=\"Missimi-Berney S\u00e0rl \u00e9tait pr\u00e9sent au Salon international Environnement Professionnel Horlogerie &#8211; Joaillerie Communiqu\u00e9 de presse du 6 juin 2008\" \/>\n<meta property=\"og:url\" content=\"https:\/\/www.missimi-berney.ch\/de\/blog\/2015\/09\/29\/ephj-2008\/\" \/>\n<meta property=\"og:site_name\" content=\"Missimi Berney\" \/>\n<meta property=\"article:published_time\" content=\"2015-09-29T09:18:15+00:00\" \/>\n<meta property=\"article:modified_time\" content=\"2016-05-24T07:37:26+00:00\" \/>\n<meta name=\"twitter:card\" content=\"summary_large_image\" \/>\n<script type=\"application\/ld+json\" class=\"yoast-schema-graph\">{\"@context\":\"https:\/\/schema.org\",\"@graph\":[{\"@type\":\"WebSite\",\"@id\":\"https:\/\/www.missimi-berney.ch\/#website\",\"url\":\"https:\/\/www.missimi-berney.ch\/\",\"name\":\"Missimi Berney\",\"description\":\"Construction de machines sp\\u00e9ciales et m\\u00e9canique de pr\\u00e9cision\",\"potentialAction\":[{\"@type\":\"SearchAction\",\"target\":\"https:\/\/www.missimi-berney.ch\/?s={search_term_string}\",\"query-input\":\"required name=search_term_string\"}],\"inLanguage\":\"de\"},{\"@type\":\"WebPage\",\"@id\":\"https:\/\/www.missimi-berney.ch\/de\/blog\/2015\/09\/29\/ephj-2008\/#webpage\",\"url\":\"https:\/\/www.missimi-berney.ch\/de\/blog\/2015\/09\/29\/ephj-2008\/\",\"name\":\"EPHJ 2008 - Missimi Berney\",\"isPartOf\":{\"@id\":\"https:\/\/www.missimi-berney.ch\/#website\"},\"datePublished\":\"2015-09-29T09:18:15+00:00\",\"dateModified\":\"2016-05-24T07:37:26+00:00\",\"author\":{\"@id\":\"https:\/\/www.missimi-berney.ch\/#\/schema\/person\/3f6249ae7b8ae4457fea729927526759\"},\"inLanguage\":\"de\",\"potentialAction\":[{\"@type\":\"ReadAction\",\"target\":[\"https:\/\/www.missimi-berney.ch\/de\/blog\/2015\/09\/29\/ephj-2008\/\"]}]},{\"@type\":\"Person\",\"@id\":\"https:\/\/www.missimi-berney.ch\/#\/schema\/person\/3f6249ae7b8ae4457fea729927526759\",\"name\":\"arnaud\",\"image\":{\"@type\":\"ImageObject\",\"@id\":\"https:\/\/www.missimi-berney.ch\/#personlogo\",\"inLanguage\":\"de\",\"url\":\"https:\/\/secure.gravatar.com\/avatar\/d79139546371a676a9af1e8a3c38c0b2d08aebf3e3c576bd28f2e6a672c0fe3b?s=96&d=mm&r=g\",\"caption\":\"arnaud\"}}]}<\/script>\n<!-- \/ Yoast SEO plugin. -->","_links":{"self":[{"href":"https:\/\/www.missimi-berney.ch\/de\/wp-json\/wp\/v2\/posts\/37","targetHints":{"allow":["GET"]}}],"collection":[{"href":"https:\/\/www.missimi-berney.ch\/de\/wp-json\/wp\/v2\/posts"}],"about":[{"href":"https:\/\/www.missimi-berney.ch\/de\/wp-json\/wp\/v2\/types\/post"}],"author":[{"embeddable":true,"href":"https:\/\/www.missimi-berney.ch\/de\/wp-json\/wp\/v2\/users\/1"}],"replies":[{"embeddable":true,"href":"https:\/\/www.missimi-berney.ch\/de\/wp-json\/wp\/v2\/comments?post=37"}],"version-history":[{"count":3,"href":"https:\/\/www.missimi-berney.ch\/de\/wp-json\/wp\/v2\/posts\/37\/revisions"}],"predecessor-version":[{"id":1852,"href":"https:\/\/www.missimi-berney.ch\/de\/wp-json\/wp\/v2\/posts\/37\/revisions\/1852"}],"wp:attachment":[{"href":"https:\/\/www.missimi-berney.ch\/de\/wp-json\/wp\/v2\/media?parent=37"}],"wp:term":[{"taxonomy":"category","embeddable":true,"href":"https:\/\/www.missimi-berney.ch\/de\/wp-json\/wp\/v2\/categories?post=37"},{"taxonomy":"post_tag","embeddable":true,"href":"https:\/\/www.missimi-berney.ch\/de\/wp-json\/wp\/v2\/tags?post=37"}],"curies":[{"name":"wp","href":"https:\/\/api.w.org\/{rel}","templated":true}]}}